{"id":424,"date":"2025-03-14T11:51:18","date_gmt":"2025-03-14T11:51:18","guid":{"rendered":"https:\/\/bosquealimentosvalencia.org\/?p=424"},"modified":"2025-04-04T09:30:34","modified_gmt":"2025-04-04T09:30:34","slug":"prueba-prueba","status":"publish","type":"post","link":"https:\/\/bosquealimentosvalencia.org\/?p=424","title":{"rendered":"\u00a1Nuestras primeras visitas a terrenos para comprar!"},"content":{"rendered":"\n<p class=\"has-text-color has-link-color wp-elements-d3625591c591eb05eba8fdbe5fd97905\" style=\"color:#371111\">La semana pasada visitamos los dos primeros lugares para establecer nuestro proyecto. Un d\u00eda divertido y educativo. Propietarios que no tienen sucesores para su negocio. Una finca que no ha sido habitada durante treinta a\u00f1os y que ha sufrido da\u00f1os importantes por las inundaciones de la DANA. Terrenos con olivos y almendros, cada uno con diferentes desaf\u00edos. Seguiremos buscando con calma.<\/p>\n\n\n\n<figure class=\"wp-block-gallery has-nested-images columns-default is-cropped wp-block-gallery-1 is-layout-flex wp-block-gallery-is-layout-flex\">\n<figure class=\"wp-block-image size-large\"><img fetchpriority=\"high\" decoding=\"async\" width=\"768\" height=\"1024\" data-id=\"537\" src=\"https:\/\/bosquealimentosvalencia.org\/wp-content\/uploads\/2025\/03\/1000037411-768x1024.jpg\" alt=\"\" class=\"wp-image-537\" srcset=\"https:\/\/bosquealimentosvalencia.org\/wp-content\/uploads\/2025\/03\/1000037411-768x1024.jpg 768w, https:\/\/bosquealimentosvalencia.org\/wp-content\/uploads\/2025\/03\/1000037411-225x300.jpg 225w, https:\/\/bosquealimentosvalencia.org\/wp-content\/uploads\/2025\/03\/1000037411-1152x1536.jpg 1152w, https:\/\/bosquealimentosvalencia.org\/wp-content\/uploads\/2025\/03\/1000037411-1536x2048.jpg 1536w, https:\/\/bosquealimentosvalencia.org\/wp-content\/uploads\/2025\/03\/1000037411-scaled.jpg 1920w\" sizes=\"(max-width: 768px) 100vw, 768px\" \/><\/figure>\n<\/figure>\n\n\n\n<figure class=\"wp-block-image size-large\"><img decoding=\"async\" width=\"768\" height=\"1024\" src=\"https:\/\/bosquealimentosvalencia.org\/wp-content\/uploads\/2025\/03\/1000037510-768x1024.jpg\" alt=\"\" class=\"wp-image-536\" srcset=\"https:\/\/bosquealimentosvalencia.org\/wp-content\/uploads\/2025\/03\/1000037510-768x1024.jpg 768w, https:\/\/bosquealimentosvalencia.org\/wp-content\/uploads\/2025\/03\/1000037510-225x300.jpg 225w, https:\/\/bosquealimentosvalencia.org\/wp-content\/uploads\/2025\/03\/1000037510-1152x1536.jpg 1152w, https:\/\/bosquealimentosvalencia.org\/wp-content\/uploads\/2025\/03\/1000037510-1536x2048.jpg 1536w, https:\/\/bosquealimentosvalencia.org\/wp-content\/uploads\/2025\/03\/1000037510-scaled.jpg 1920w\" sizes=\"(max-width: 768px) 100vw, 768px\" \/><\/figure>\n\n\n\n<figure class=\"wp-block-image size-large\"><img decoding=\"async\" width=\"768\" height=\"1024\" src=\"https:\/\/bosquealimentosvalencia.org\/wp-content\/uploads\/2025\/03\/1000037441-768x1024.jpg\" alt=\"\" class=\"wp-image-538\" srcset=\"https:\/\/bosquealimentosvalencia.org\/wp-content\/uploads\/2025\/03\/1000037441-768x1024.jpg 768w, https:\/\/bosquealimentosvalencia.org\/wp-content\/uploads\/2025\/03\/1000037441-225x300.jpg 225w, https:\/\/bosquealimentosvalencia.org\/wp-content\/uploads\/2025\/03\/1000037441-1152x1536.jpg 1152w, https:\/\/bosquealimentosvalencia.org\/wp-content\/uploads\/2025\/03\/1000037441-1536x2048.jpg 1536w, https:\/\/bosquealimentosvalencia.org\/wp-content\/uploads\/2025\/03\/1000037441-scaled.jpg 1920w\" sizes=\"(max-width: 768px) 100vw, 768px\" \/><\/figure>\n","protected":false},"excerpt":{"rendered":"<p>La semana pasada visitamos los dos primeros lugares para establecer nuestro proyecto. Un d\u00eda divertido y educativo. Propietarios que no [&hellip;]<\/p>\n","protected":false},"author":1,"featured_media":535,"comment_status":"open","ping_status":"open","sticky":false,"template":"","format":"standard","meta":{"site-sidebar-layout":"default","site-content-layout":"","ast-site-content-layout":"default","site-content-style":"default","site-sidebar-style":"default","ast-global-header-display":"","ast-banner-title-visibility":"","ast-main-header-display":"","ast-hfb-above-header-display":"","ast-hfb-below-header-display":"","ast-hfb-mobile-header-display":"","site-post-title":"","ast-breadcrumbs-content":"","ast-featured-img":"","footer-sml-layout":"","ast-disable-related-posts":"","theme-transparent-header-meta":"","adv-header-id-meta":"","stick-header-meta":"","header-above-stick-meta":"","header-main-stick-meta":"","header-below-stick-meta":"","astra-migrate-meta-layouts":"default","ast-page-background-enabled":"default","ast-page-background-meta":{"desktop":{"background-color":"var(--ast-global-color-5)","background-image":"","background-repeat":"repeat","background-position":"center center","background-size":"auto","background-attachment":"scroll","background-type":"","background-media":"","overlay-type":"","overlay-color":"","overlay-opacity":"","overlay-gradient":""},"tablet":{"background-color":"","background-image":"","background-repeat":"repeat","background-position":"center center","background-size":"auto","background-attachment":"scroll","background-type":"","background-media":"","overlay-type":"","overlay-color":"","overlay-opacity":"","overlay-gradient":""},"mobile":{"background-color":"","background-image":"","background-repeat":"repeat","background-position":"center center","background-size":"auto","background-attachment":"scroll","background-type":"","background-media":"","overlay-type":"","overlay-color":"","overlay-opacity":"","overlay-gradient":""}},"ast-content-background-meta":{"desktop":{"background-color":"var(--ast-global-color-4)","background-image":"","background-repeat":"repeat","background-position":"center center","background-size":"auto","background-attachment":"scroll","background-type":"","background-media":"","overlay-type":"","overlay-color":"","overlay-opacity":"","overlay-gradient":""},"tablet":{"background-color":"var(--ast-global-color-4)","background-image":"","background-repeat":"repeat","background-position":"center center","background-size":"auto","background-attachment":"scroll","background-type":"","background-media":"","overlay-type":"","overlay-color":"","overlay-opacity":"","overlay-gradient":""},"mobile":{"background-color":"var(--ast-global-color-4)","background-image":"","background-repeat":"repeat","background-position":"center center","background-size":"auto","background-attachment":"scroll","background-type":"","background-media":"","overlay-type":"","overlay-color":"","overlay-opacity":"","overlay-gradient":""}},"footnotes":""},"categories":[31],"tags":[],"class_list":["post-424","post","type-post","status-publish","format-standard","has-post-thumbnail","hentry","category-bosque-de-alimentos-valencia"],"yoast_head":"<!-- This site is optimized with the Yoast SEO plugin v27.5 - https:\/\/yoast.com\/product\/yoast-seo-wordpress\/ -->\n<title>\u00a1Nuestras primeras visitas a terrenos para comprar! - Bosque de Alimentos Valencia<\/title>\n<meta name=\"robots\" content=\"index, follow, max-snippet:-1, max-image-preview:large, max-video-preview:-1\" \/>\n<link rel=\"canonical\" href=\"https:\/\/bosquealimentosvalencia.org\/?p=424\" \/>\n<meta property=\"og:locale\" content=\"en_US\" \/>\n<meta property=\"og:type\" content=\"article\" \/>\n<meta property=\"og:title\" content=\"\u00a1Nuestras primeras visitas a terrenos para comprar! - Bosque de Alimentos Valencia\" \/>\n<meta property=\"og:description\" content=\"La semana pasada visitamos los dos primeros lugares para establecer nuestro proyecto. Un d\u00eda divertido y educativo. Propietarios que no [&hellip;]\" \/>\n<meta property=\"og:url\" content=\"https:\/\/bosquealimentosvalencia.org\/?p=424\" \/>\n<meta property=\"og:site_name\" content=\"Bosque de Alimentos Valencia\" \/>\n<meta property=\"article:published_time\" content=\"2025-03-14T11:51:18+00:00\" \/>\n<meta property=\"article:modified_time\" content=\"2025-04-04T09:30:34+00:00\" \/>\n<meta property=\"og:image\" content=\"https:\/\/bosquealimentosvalencia.org\/wp-content\/uploads\/2025\/03\/Captura-de-pantalla-2025-04-04-a-las-11.06.46-1024x770.png\" \/>\n\t<meta property=\"og:image:width\" content=\"1024\" \/>\n\t<meta property=\"og:image:height\" content=\"770\" \/>\n\t<meta property=\"og:image:type\" content=\"image\/png\" \/>\n<meta name=\"author\" content=\"admin\" \/>\n<meta name=\"twitter:card\" content=\"summary_large_image\" \/>\n<meta name=\"twitter:label1\" content=\"Written by\" \/>\n\t<meta name=\"twitter:data1\" content=\"admin\" \/>\n<script type=\"application\/ld+json\" class=\"yoast-schema-graph\">{\"@context\":\"https:\\\/\\\/schema.org\",\"@graph\":[{\"@type\":\"Article\",\"@id\":\"https:\\\/\\\/bosquealimentosvalencia.org\\\/?p=424#article\",\"isPartOf\":{\"@id\":\"https:\\\/\\\/bosquealimentosvalencia.org\\\/?p=424\"},\"author\":{\"name\":\"admin\",\"@id\":\"https:\\\/\\\/bosquealimentosvalencia.org\\\/#\\\/schema\\\/person\\\/ac5aadd030aa745470447783f35ffa75\"},\"headline\":\"\u00a1Nuestras primeras visitas a terrenos para comprar!\",\"datePublished\":\"2025-03-14T11:51:18+00:00\",\"dateModified\":\"2025-04-04T09:30:34+00:00\",\"mainEntityOfPage\":{\"@id\":\"https:\\\/\\\/bosquealimentosvalencia.org\\\/?p=424\"},\"wordCount\":72,\"commentCount\":0,\"publisher\":{\"@id\":\"https:\\\/\\\/bosquealimentosvalencia.org\\\/#organization\"},\"image\":{\"@id\":\"https:\\\/\\\/bosquealimentosvalencia.org\\\/?p=424#primaryimage\"},\"thumbnailUrl\":\"https:\\\/\\\/bosquealimentosvalencia.org\\\/wp-content\\\/uploads\\\/2025\\\/03\\\/Captura-de-pantalla-2025-04-04-a-las-11.06.46.png\",\"articleSection\":[\"Bosque de Alimentos Valencia\"],\"inLanguage\":\"en-US\",\"potentialAction\":[{\"@type\":\"CommentAction\",\"name\":\"Comment\",\"target\":[\"https:\\\/\\\/bosquealimentosvalencia.org\\\/?p=424#respond\"]}]},{\"@type\":\"WebPage\",\"@id\":\"https:\\\/\\\/bosquealimentosvalencia.org\\\/?p=424\",\"url\":\"https:\\\/\\\/bosquealimentosvalencia.org\\\/?p=424\",\"name\":\"\u00a1Nuestras primeras visitas a terrenos para comprar! - Bosque de Alimentos Valencia\",\"isPartOf\":{\"@id\":\"https:\\\/\\\/bosquealimentosvalencia.org\\\/#website\"},\"primaryImageOfPage\":{\"@id\":\"https:\\\/\\\/bosquealimentosvalencia.org\\\/?p=424#primaryimage\"},\"image\":{\"@id\":\"https:\\\/\\\/bosquealimentosvalencia.org\\\/?p=424#primaryimage\"},\"thumbnailUrl\":\"https:\\\/\\\/bosquealimentosvalencia.org\\\/wp-content\\\/uploads\\\/2025\\\/03\\\/Captura-de-pantalla-2025-04-04-a-las-11.06.46.png\",\"datePublished\":\"2025-03-14T11:51:18+00:00\",\"dateModified\":\"2025-04-04T09:30:34+00:00\",\"breadcrumb\":{\"@id\":\"https:\\\/\\\/bosquealimentosvalencia.org\\\/?p=424#breadcrumb\"},\"inLanguage\":\"en-US\",\"potentialAction\":[{\"@type\":\"ReadAction\",\"target\":[\"https:\\\/\\\/bosquealimentosvalencia.org\\\/?p=424\"]}]},{\"@type\":\"ImageObject\",\"inLanguage\":\"en-US\",\"@id\":\"https:\\\/\\\/bosquealimentosvalencia.org\\\/?p=424#primaryimage\",\"url\":\"https:\\\/\\\/bosquealimentosvalencia.org\\\/wp-content\\\/uploads\\\/2025\\\/03\\\/Captura-de-pantalla-2025-04-04-a-las-11.06.46.png\",\"contentUrl\":\"https:\\\/\\\/bosquealimentosvalencia.org\\\/wp-content\\\/uploads\\\/2025\\\/03\\\/Captura-de-pantalla-2025-04-04-a-las-11.06.46.png\",\"width\":1460,\"height\":1098},{\"@type\":\"BreadcrumbList\",\"@id\":\"https:\\\/\\\/bosquealimentosvalencia.org\\\/?p=424#breadcrumb\",\"itemListElement\":[{\"@type\":\"ListItem\",\"position\":1,\"name\":\"Portada\",\"item\":\"https:\\\/\\\/bosquealimentosvalencia.org\\\/?page_id=34&lang=en\"},{\"@type\":\"ListItem\",\"position\":2,\"name\":\"\u00a1Nuestras primeras visitas a terrenos para comprar!\"}]},{\"@type\":\"WebSite\",\"@id\":\"https:\\\/\\\/bosquealimentosvalencia.org\\\/#website\",\"url\":\"https:\\\/\\\/bosquealimentosvalencia.org\\\/\",\"name\":\"Bosque de Alimentos Valencia\",\"description\":\"Our food forest in Valencia is more than just a way to grow food, it\u2019s a way to bring people together\",\"publisher\":{\"@id\":\"https:\\\/\\\/bosquealimentosvalencia.org\\\/#organization\"},\"potentialAction\":[{\"@type\":\"SearchAction\",\"target\":{\"@type\":\"EntryPoint\",\"urlTemplate\":\"https:\\\/\\\/bosquealimentosvalencia.org\\\/?s={search_term_string}\"},\"query-input\":{\"@type\":\"PropertyValueSpecification\",\"valueRequired\":true,\"valueName\":\"search_term_string\"}}],\"inLanguage\":\"en-US\"},{\"@type\":\"Organization\",\"@id\":\"https:\\\/\\\/bosquealimentosvalencia.org\\\/#organization\",\"name\":\"Bosque de Alimentos Valencia\",\"url\":\"https:\\\/\\\/bosquealimentosvalencia.org\\\/\",\"logo\":{\"@type\":\"ImageObject\",\"inLanguage\":\"en-US\",\"@id\":\"https:\\\/\\\/bosquealimentosvalencia.org\\\/#\\\/schema\\\/logo\\\/image\\\/\",\"url\":\"https:\\\/\\\/bosquealimentosvalencia.org\\\/wp-content\\\/uploads\\\/2025\\\/03\\\/cropped-Logo-Bosque-de-alimentos-Valencia-1.png\",\"contentUrl\":\"https:\\\/\\\/bosquealimentosvalencia.org\\\/wp-content\\\/uploads\\\/2025\\\/03\\\/cropped-Logo-Bosque-de-alimentos-Valencia-1.png\",\"width\":909,\"height\":835,\"caption\":\"Bosque de Alimentos Valencia\"},\"image\":{\"@id\":\"https:\\\/\\\/bosquealimentosvalencia.org\\\/#\\\/schema\\\/logo\\\/image\\\/\"}},{\"@type\":\"Person\",\"@id\":\"https:\\\/\\\/bosquealimentosvalencia.org\\\/#\\\/schema\\\/person\\\/ac5aadd030aa745470447783f35ffa75\",\"name\":\"admin\",\"image\":{\"@type\":\"ImageObject\",\"inLanguage\":\"en-US\",\"@id\":\"https:\\\/\\\/secure.gravatar.com\\\/avatar\\\/86bdb82907398981fbce3f12da52bc2d610453c51a51680410a26860e2fd1844?s=96&d=mm&r=g\",\"url\":\"https:\\\/\\\/secure.gravatar.com\\\/avatar\\\/86bdb82907398981fbce3f12da52bc2d610453c51a51680410a26860e2fd1844?s=96&d=mm&r=g\",\"contentUrl\":\"https:\\\/\\\/secure.gravatar.com\\\/avatar\\\/86bdb82907398981fbce3f12da52bc2d610453c51a51680410a26860e2fd1844?s=96&d=mm&r=g\",\"caption\":\"admin\"},\"sameAs\":[\"https:\\\/\\\/bosquealimentosvalencia.org\"],\"url\":\"https:\\\/\\\/bosquealimentosvalencia.org\\\/?author=1\"}]}<\/script>\n<!-- \/ Yoast SEO plugin. -->","yoast_head_json":{"title":"\u00a1Nuestras primeras visitas a terrenos para comprar! - Bosque de Alimentos Valencia","robots":{"index":"index","follow":"follow","max-snippet":"max-snippet:-1","max-image-preview":"max-image-preview:large","max-video-preview":"max-video-preview:-1"},"canonical":"https:\/\/bosquealimentosvalencia.org\/?p=424","og_locale":"en_US","og_type":"article","og_title":"\u00a1Nuestras primeras visitas a terrenos para comprar! - Bosque de Alimentos Valencia","og_description":"La semana pasada visitamos los dos primeros lugares para establecer nuestro proyecto. Un d\u00eda divertido y educativo. Propietarios que no [&hellip;]","og_url":"https:\/\/bosquealimentosvalencia.org\/?p=424","og_site_name":"Bosque de Alimentos Valencia","article_published_time":"2025-03-14T11:51:18+00:00","article_modified_time":"2025-04-04T09:30:34+00:00","og_image":[{"width":1024,"height":770,"url":"https:\/\/bosquealimentosvalencia.org\/wp-content\/uploads\/2025\/03\/Captura-de-pantalla-2025-04-04-a-las-11.06.46-1024x770.png","type":"image\/png"}],"author":"admin","twitter_card":"summary_large_image","twitter_misc":{"Written by":"admin"},"schema":{"@context":"https:\/\/schema.org","@graph":[{"@type":"Article","@id":"https:\/\/bosquealimentosvalencia.org\/?p=424#article","isPartOf":{"@id":"https:\/\/bosquealimentosvalencia.org\/?p=424"},"author":{"name":"admin","@id":"https:\/\/bosquealimentosvalencia.org\/#\/schema\/person\/ac5aadd030aa745470447783f35ffa75"},"headline":"\u00a1Nuestras primeras visitas a terrenos para comprar!","datePublished":"2025-03-14T11:51:18+00:00","dateModified":"2025-04-04T09:30:34+00:00","mainEntityOfPage":{"@id":"https:\/\/bosquealimentosvalencia.org\/?p=424"},"wordCount":72,"commentCount":0,"publisher":{"@id":"https:\/\/bosquealimentosvalencia.org\/#organization"},"image":{"@id":"https:\/\/bosquealimentosvalencia.org\/?p=424#primaryimage"},"thumbnailUrl":"https:\/\/bosquealimentosvalencia.org\/wp-content\/uploads\/2025\/03\/Captura-de-pantalla-2025-04-04-a-las-11.06.46.png","articleSection":["Bosque de Alimentos Valencia"],"inLanguage":"en-US","potentialAction":[{"@type":"CommentAction","name":"Comment","target":["https:\/\/bosquealimentosvalencia.org\/?p=424#respond"]}]},{"@type":"WebPage","@id":"https:\/\/bosquealimentosvalencia.org\/?p=424","url":"https:\/\/bosquealimentosvalencia.org\/?p=424","name":"\u00a1Nuestras primeras visitas a terrenos para comprar! - Bosque de Alimentos Valencia","isPartOf":{"@id":"https:\/\/bosquealimentosvalencia.org\/#website"},"primaryImageOfPage":{"@id":"https:\/\/bosquealimentosvalencia.org\/?p=424#primaryimage"},"image":{"@id":"https:\/\/bosquealimentosvalencia.org\/?p=424#primaryimage"},"thumbnailUrl":"https:\/\/bosquealimentosvalencia.org\/wp-content\/uploads\/2025\/03\/Captura-de-pantalla-2025-04-04-a-las-11.06.46.png","datePublished":"2025-03-14T11:51:18+00:00","dateModified":"2025-04-04T09:30:34+00:00","breadcrumb":{"@id":"https:\/\/bosquealimentosvalencia.org\/?p=424#breadcrumb"},"inLanguage":"en-US","potentialAction":[{"@type":"ReadAction","target":["https:\/\/bosquealimentosvalencia.org\/?p=424"]}]},{"@type":"ImageObject","inLanguage":"en-US","@id":"https:\/\/bosquealimentosvalencia.org\/?p=424#primaryimage","url":"https:\/\/bosquealimentosvalencia.org\/wp-content\/uploads\/2025\/03\/Captura-de-pantalla-2025-04-04-a-las-11.06.46.png","contentUrl":"https:\/\/bosquealimentosvalencia.org\/wp-content\/uploads\/2025\/03\/Captura-de-pantalla-2025-04-04-a-las-11.06.46.png","width":1460,"height":1098},{"@type":"BreadcrumbList","@id":"https:\/\/bosquealimentosvalencia.org\/?p=424#breadcrumb","itemListElement":[{"@type":"ListItem","position":1,"name":"Portada","item":"https:\/\/bosquealimentosvalencia.org\/?page_id=34&lang=en"},{"@type":"ListItem","position":2,"name":"\u00a1Nuestras primeras visitas a terrenos para comprar!"}]},{"@type":"WebSite","@id":"https:\/\/bosquealimentosvalencia.org\/#website","url":"https:\/\/bosquealimentosvalencia.org\/","name":"Bosque de Alimentos Valencia","description":"Our food forest in Valencia is more than just a way to grow food, it\u2019s a way to bring people together","publisher":{"@id":"https:\/\/bosquealimentosvalencia.org\/#organization"},"potentialAction":[{"@type":"SearchAction","target":{"@type":"EntryPoint","urlTemplate":"https:\/\/bosquealimentosvalencia.org\/?s={search_term_string}"},"query-input":{"@type":"PropertyValueSpecification","valueRequired":true,"valueName":"search_term_string"}}],"inLanguage":"en-US"},{"@type":"Organization","@id":"https:\/\/bosquealimentosvalencia.org\/#organization","name":"Bosque de Alimentos Valencia","url":"https:\/\/bosquealimentosvalencia.org\/","logo":{"@type":"ImageObject","inLanguage":"en-US","@id":"https:\/\/bosquealimentosvalencia.org\/#\/schema\/logo\/image\/","url":"https:\/\/bosquealimentosvalencia.org\/wp-content\/uploads\/2025\/03\/cropped-Logo-Bosque-de-alimentos-Valencia-1.png","contentUrl":"https:\/\/bosquealimentosvalencia.org\/wp-content\/uploads\/2025\/03\/cropped-Logo-Bosque-de-alimentos-Valencia-1.png","width":909,"height":835,"caption":"Bosque de Alimentos Valencia"},"image":{"@id":"https:\/\/bosquealimentosvalencia.org\/#\/schema\/logo\/image\/"}},{"@type":"Person","@id":"https:\/\/bosquealimentosvalencia.org\/#\/schema\/person\/ac5aadd030aa745470447783f35ffa75","name":"admin","image":{"@type":"ImageObject","inLanguage":"en-US","@id":"https:\/\/secure.gravatar.com\/avatar\/86bdb82907398981fbce3f12da52bc2d610453c51a51680410a26860e2fd1844?s=96&d=mm&r=g","url":"https:\/\/secure.gravatar.com\/avatar\/86bdb82907398981fbce3f12da52bc2d610453c51a51680410a26860e2fd1844?s=96&d=mm&r=g","contentUrl":"https:\/\/secure.gravatar.com\/avatar\/86bdb82907398981fbce3f12da52bc2d610453c51a51680410a26860e2fd1844?s=96&d=mm&r=g","caption":"admin"},"sameAs":["https:\/\/bosquealimentosvalencia.org"],"url":"https:\/\/bosquealimentosvalencia.org\/?author=1"}]}},"_links":{"self":[{"href":"https:\/\/bosquealimentosvalencia.org\/index.php?rest_route=\/wp\/v2\/posts\/424","targetHints":{"allow":["GET"]}}],"collection":[{"href":"https:\/\/bosquealimentosvalencia.org\/index.php?rest_route=\/wp\/v2\/posts"}],"about":[{"href":"https:\/\/bosquealimentosvalencia.org\/index.php?rest_route=\/wp\/v2\/types\/post"}],"author":[{"embeddable":true,"href":"https:\/\/bosquealimentosvalencia.org\/index.php?rest_route=\/wp\/v2\/users\/1"}],"replies":[{"embeddable":true,"href":"https:\/\/bosquealimentosvalencia.org\/index.php?rest_route=%2Fwp%2Fv2%2Fcomments&post=424"}],"version-history":[{"count":3,"href":"https:\/\/bosquealimentosvalencia.org\/index.php?rest_route=\/wp\/v2\/posts\/424\/revisions"}],"predecessor-version":[{"id":541,"href":"https:\/\/bosquealimentosvalencia.org\/index.php?rest_route=\/wp\/v2\/posts\/424\/revisions\/541"}],"wp:featuredmedia":[{"embeddable":true,"href":"https:\/\/bosquealimentosvalencia.org\/index.php?rest_route=\/wp\/v2\/media\/535"}],"wp:attachment":[{"href":"https:\/\/bosquealimentosvalencia.org\/index.php?rest_route=%2Fwp%2Fv2%2Fmedia&parent=424"}],"wp:term":[{"taxonomy":"category","embeddable":true,"href":"https:\/\/bosquealimentosvalencia.org\/index.php?rest_route=%2Fwp%2Fv2%2Fcategories&post=424"},{"taxonomy":"post_tag","embeddable":true,"href":"https:\/\/bosquealimentosvalencia.org\/index.php?rest_route=%2Fwp%2Fv2%2Ftags&post=424"}],"curies":[{"name":"wp","href":"https:\/\/api.w.org\/{rel}","templated":true}]}}